{"id":2753,"date":"2022-03-16T19:49:44","date_gmt":"2022-03-16T19:49:44","guid":{"rendered":"https:\/\/jccltrg.org\/2022\/03\/16\/prestanos-tu-voz-el-9-de-noviembre\/"},"modified":"2022-03-16T19:49:44","modified_gmt":"2022-03-16T19:49:44","slug":"prestanos-tu-voz-el-9-de-noviembre","status":"publish","type":"post","link":"https:\/\/jccltrg.org\/es\/2022\/03\/16\/prestanos-tu-voz-el-9-de-noviembre\/","title":{"rendered":"\u00a1Pr\u00e9stanos tu voz el 9 de noviembre!"},"content":{"rendered":"\n<figure class=\"wp-block-gallery columns-1 is-cropped wp-block-gallery-2 is-layout-flex wp-block-gallery-is-layout-flex\"><ul class=\"blocks-gallery-grid\"><li class=\"blocks-gallery-item\"><figure><img fetchpriority=\"high\" decoding=\"async\" width=\"1024\" height=\"576\" src=\"https:\/\/jccltrg.org\/wp-content\/uploads\/2021\/11\/Medford-Region-Host-Committee-Twitter-2-1024x576.jpg\" alt=\"\" data-id=\"2047\" data-full-url=\"https:\/\/jccltrg.org\/wp-content\/uploads\/2021\/11\/Medford-Region-Host-Committee-Twitter-2.jpg\" data-link=\"https:\/\/jccltrg.org\/?attachment_id=2047\" class=\"wp-image-2048\" srcset=\"https:\/\/jccltrg.org\/wp-content\/uploads\/2021\/11\/Medford-Region-Host-Committee-Twitter-2-1024x576.jpg 1024w, https:\/\/jccltrg.org\/wp-content\/uploads\/2021\/11\/Medford-Region-Host-Committee-Twitter-2-300x169.jpg 300w, https:\/\/jccltrg.org\/wp-content\/uploads\/2021\/11\/Medford-Region-Host-Committee-Twitter-2-768x432.jpg 768w, https:\/\/jccltrg.org\/wp-content\/uploads\/2021\/11\/Medford-Region-Host-Committee-Twitter-2-1536x864.jpg 1536w, https:\/\/jccltrg.org\/wp-content\/uploads\/2021\/11\/Medford-Region-Host-Committee-Twitter-2.jpg 1600w\" sizes=\"(max-width: 1024px) 100vw, 1024px\" \/><\/figure><\/li><\/ul><\/figure>\n\n<p class=\"has-medium-font-size\">El 9 de noviembre a las 6:00 p. m., AGE+ realizar\u00e1 una conversaci\u00f3n comunitaria virtual. Hacemos un llamado a las personas de todas las edades en la regi\u00f3n de Medford para que se unan a nosotros para hablar sobre el futuro del envejecimiento en nuestra comunidad. \u00danase a nosotros para compartir qu\u00e9 apoyos y servicios son importantes para usted a medida que envejece o coordinar la atenci\u00f3n de un ser querido mayor.<\/p>\n\n<p class=\"has-medium-font-size\"><br\/>Everyone is welcome! To register, call (503) 408-4752 or go to<br\/><a href=\"https:\/\/ageplus.org\/register\/?doing_wp_cron=1636418585.9119908809661865234375\" target=\"_blank\" rel=\"noopener\">www.ageplus.org\/register.<\/a><\/p>\n","protected":false},"excerpt":{"rendered":"<p>El 9 de noviembre a las 6:00 p. m., AGE+ realizar\u00e1 una conversaci\u00f3n comunitaria virtual. Hacemos un llamado a las personas de todas las edades en la regi\u00f3n de Medford para que se unan a nosotros para hablar sobre el futuro del envejecimiento en nuestra comunidad. \u00danase a nosotros para compartir qu\u00e9 apoyos y servicios [&hellip;]<\/p>\n","protected":false},"author":2,"featured_media":0,"comment_status":"open","ping_status":"open","sticky":false,"template":"","format":"standard","meta":{"_eb_attr":"","footnotes":""},"categories":[15],"tags":[],"class_list":["post-2753","post","type-post","status-publish","format-standard","hentry","category-sin-categorizar"],"rttpg_featured_image_url":null,"rttpg_author":{"display_name":"Caryn Wheeler Clay","author_link":"https:\/\/jccltrg.org\/es\/author\/jccltrg-admin\/"},"rttpg_comment":0,"rttpg_category":"<a href=\"https:\/\/jccltrg.org\/es\/category\/sin-categorizar\/\" rel=\"category tag\">Sin categorizar<\/a>","rttpg_excerpt":"El 9 de noviembre a las 6:00 p. m., AGE+ realizar\u00e1 una conversaci\u00f3n comunitaria virtual. Hacemos un llamado a las personas de todas las edades en la regi\u00f3n de Medford para que se unan a nosotros para hablar sobre el futuro del envejecimiento en nuestra comunidad. \u00danase a nosotros para compartir qu\u00e9 apoyos y servicios&hellip;","_links":{"self":[{"href":"https:\/\/jccltrg.org\/es\/wp-json\/wp\/v2\/posts\/2753"}],"collection":[{"href":"https:\/\/jccltrg.org\/es\/wp-json\/wp\/v2\/posts"}],"about":[{"href":"https:\/\/jccltrg.org\/es\/wp-json\/wp\/v2\/types\/post"}],"author":[{"embeddable":true,"href":"https:\/\/jccltrg.org\/es\/wp-json\/wp\/v2\/users\/2"}],"replies":[{"embeddable":true,"href":"https:\/\/jccltrg.org\/es\/wp-json\/wp\/v2\/comments?post=2753"}],"version-history":[{"count":1,"href":"https:\/\/jccltrg.org\/es\/wp-json\/wp\/v2\/posts\/2753\/revisions"}],"predecessor-version":[{"id":2754,"href":"https:\/\/jccltrg.org\/es\/wp-json\/wp\/v2\/posts\/2753\/revisions\/2754"}],"wp:attachment":[{"href":"https:\/\/jccltrg.org\/es\/wp-json\/wp\/v2\/media?parent=2753"}],"wp:term":[{"taxonomy":"category","embeddable":true,"href":"https:\/\/jccltrg.org\/es\/wp-json\/wp\/v2\/categories?post=2753"},{"taxonomy":"post_tag","embeddable":true,"href":"https:\/\/jccltrg.org\/es\/wp-json\/wp\/v2\/tags?post=2753"}],"curies":[{"name":"wp","href":"https:\/\/api.w.org\/{rel}","templated":true}]}}