{"id":7032,"date":"2024-07-22T12:01:11","date_gmt":"2024-07-22T19:01:11","guid":{"rendered":"https:\/\/jccltrg.org\/?p=7032"},"modified":"2025-04-04T07:07:57","modified_gmt":"2025-04-04T14:07:57","slug":"la-carrera","status":"publish","type":"post","link":"https:\/\/jccltrg.org\/es\/2024\/07\/22\/la-carrera\/","title":{"rendered":"La Carrera"},"content":{"rendered":"\t\t<div data-elementor-type=\"wp-post\" data-elementor-id=\"7032\" class=\"elementor elementor-7032 elementor-7029\" data-elementor-post-type=\"post\">\n\t\t\t\t\t\t<section class=\"elementor-section elementor-top-section elementor-element elementor-element-677bb40 elementor-section-boxed elementor-section-height-default elementor-section-height-default\" data-id=\"677bb40\" data-element_type=\"section\" data-e-type=\"section\">\n\t\t\t\t\t\t<div class=\"elementor-container elementor-column-gap-default\">\n\t\t\t\t\t<div class=\"elementor-column elementor-col-100 elementor-top-column elementor-element elementor-element-d32ee31\" data-id=\"d32ee31\" data-element_type=\"column\" data-e-type=\"column\">\n\t\t\t<div class=\"elementor-widget-wrap elementor-element-populated\">\n\t\t\t\t\t\t<div class=\"elementor-element elementor-element-7e08282 elementor-widget elementor-widget-text-editor\" data-id=\"7e08282\" data-element_type=\"widget\" data-e-type=\"widget\" data-widget_type=\"text-editor.default\">\n\t\t\t\t<div class=\"elementor-widget-container\">\n\t\t\t\t\t\t\t\t\t<h4><span style=\"font-weight: 600;\" data-rich-links=\"{\"dat_df\":{\"fres_frt\":1,\"dfie_ts\":{\"tv\":{\"tv_s\":1721044800,\"tv_n\":0}},\"dfie_l\":\"en\",\"dfie_p\":{\"fres_frt\":0,\"tres_tv\":\"yyyy-MM-dd\"},\"dfie_dt\":\"2024-07-15\",\"dfie_pt\":4,\"dfie_tpt\":0,\"dfie_tzi\":\"\"},\"type\":\"date\"}\"><img fetchpriority=\"high\" decoding=\"async\" class=\"aligncenter wp-image-7131 size-full\" src=\"https:\/\/jccltrg.org\/wp-content\/uploads\/2024\/07\/The-Race-2.jpg\" alt=\"\" width=\"2021\" height=\"748\" data-wp-editing=\"1\" srcset=\"https:\/\/jccltrg.org\/wp-content\/uploads\/2024\/07\/The-Race-2.jpg 2021w, https:\/\/jccltrg.org\/wp-content\/uploads\/2024\/07\/The-Race-2-300x111.jpg 300w, https:\/\/jccltrg.org\/wp-content\/uploads\/2024\/07\/The-Race-2-1024x379.jpg 1024w, https:\/\/jccltrg.org\/wp-content\/uploads\/2024\/07\/The-Race-2-768x284.jpg 768w, https:\/\/jccltrg.org\/wp-content\/uploads\/2024\/07\/The-Race-2-1536x568.jpg 1536w\" sizes=\"(max-width: 2021px) 100vw, 2021px\" \/><\/span><\/h4><h4><span style=\"font-weight: 600;\" data-rich-links=\"{\"dat_df\":{\"fres_frt\":1,\"dfie_ts\":{\"tv\":{\"tv_s\":1721044800,\"tv_n\":0}},\"dfie_l\":\"en\",\"dfie_p\":{\"fres_frt\":0,\"tres_tv\":\"yyyy-MM-dd\"},\"dfie_dt\":\"2024-07-15\",\"dfie_pt\":4,\"dfie_tpt\":0,\"dfie_tzi\":\"\"},\"type\":\"date\"}\">La Carrera<\/span><\/h4><p><b><i>Por Caryn Wheeler Clay, Directora Ejecutiva<\/i><\/b><\/p><p><span style=\"font-weight: 400;\">Con los Juegos Ol\u00edmpicos a punto de comenzar esta semana, no he podido evitar pensar en la carrera que nuestra comunidad lleva corriendo desde el 8 de septiembre de 2020.<\/span><\/p><p><span style=\"font-weight: 400;\">En los momentos posteriores al inicio de los incendios de Almeda 2020 y Obenchain Sur, los l\u00edderes de la comunidad empezaron a reunirse para formar un grupo de recuperaci\u00f3n a largo plazo. Los Grupos de recuperaci\u00f3n a largo plazo son una buena pr\u00e1ctica tras una cat\u00e1strofe para apoyar la atenci\u00f3n y los cuidados continuos a las necesidades de recuperaci\u00f3n.<\/span><\/p><p><span style=\"font-weight: 400;\">A medida que avanzaban los incendios, todos record\u00e1bamos que no se trataba de un sprint, sino de un marat\u00f3n. Nuestra capacidad para prepararnos para el largo camino que ten\u00edamos por delante fue un testimonio de nuestra resistencia y unidad.  <\/span><\/p><p><span style=\"font-weight: 400;\">En esta fase de la recuperaci\u00f3n, nos damos cuenta de que el marat\u00f3n es una carrera de relevos, con diferentes personas liderando la carga en cada momento.  <\/span><\/p><p><span style=\"font-weight: 400;\">En el primer a\u00f1o, gran parte de la carrera tuvo que ver con necesidades inmediatas. Conseguir que la gente se cobijara, alimentara e identificara era fundamental para comprender las necesidades a largo plazo. En el segundo a\u00f1o, los socios siguieron trabajando en las necesidades b\u00e1sicas, al tiempo que utilizaban los datos para contar la historia de los programas que ser\u00edan necesarios para recuperar a las personas y los hogares afectados por los incendios. Al entrar en el tercer a\u00f1o, los socios empezaron a preparar el lanzamiento de estos programas.  <\/span><\/p><p><span style=\"font-weight: 400;\">En esta etapa de la carrera, los supervivientes no son s\u00f3lo participantes, sino l\u00edderes en su recuperaci\u00f3n. Las agencias comunitarias y los socios est\u00e1n aqu\u00ed para servir de entrenadores y animadores, apoyando y empoderando a cada persona a lo largo de su viaje \u00fanico.<\/span><\/p><p><span style=\"font-weight: 400;\">El Grupo Comunitario de Recuperaci\u00f3n a Largo Plazo del Condado de Jackson (JCC LTRG) ha convocado a los socios que trabajan en la recuperaci\u00f3n para amplificar las voces de los supervivientes y de los trabajadores que los apoyan. Por ello, nuestra comunidad tiene:<\/span><\/p><ul><li style=\"font-weight: 400;\" aria-level=\"1\"><span style=\"font-weight: 400;\">Dise\u00f1\u00f3 y realiz\u00f3 una evaluaci\u00f3n de las necesidades insatisfechas que apoy\u00f3 el desarrollo de los programas ReOregon;<\/span><\/li><li style=\"font-weight: 400;\" aria-level=\"1\"><span style=\"font-weight: 400;\">Votado para proporcionar financiaci\u00f3n que apoyar\u00e1 la asistencia t\u00e9cnica, los fondos rotatorios de pr\u00e9stamos y las subvenciones a microempresas afectadas por incendios; se espera que se ponga en marcha a finales de este a\u00f1o;<\/span><\/li><li style=\"font-weight: 400;\" aria-level=\"1\"><span style=\"font-weight: 400;\">Desarroll\u00f3 el primer plan multijurisdiccional de recuperaci\u00f3n tras cat\u00e1strofes del pa\u00eds, que crea una hoja de ruta clara para la recuperaci\u00f3n, la adaptaci\u00f3n al clima y la resiliencia en el sur de Oreg\u00f3n;<\/span><\/li><li style=\"font-weight: 400;\" aria-level=\"1\"><span style=\"font-weight: 400;\">Cre\u00f3 un informe posterior a la acci\u00f3n de los servicios sociales, el primero de su clase, para captar los \u00e9xitos y las oportunidades de reforzar la capacidad de nuestra comunidad para responder y recuperarse de las cat\u00e1strofes,<\/span><\/li><li style=\"font-weight: 400;\" aria-level=\"1\"><span style=\"font-weight: 400;\">Proporcion\u00f3 m\u00e1s de 2,2 millones de d\u00f3lares de ayuda econ\u00f3mica a hogares individuales para su recuperaci\u00f3n<\/span><\/li><\/ul><p><span style=\"font-weight: 400; background-color: var( --e-global-color-cbbe01a ); color: var( --e-global-color-text ); font-size: 1rem;\">La recuperaci\u00f3n a\u00fan est\u00e1 lejos de haber terminado, pero las bases para su realizaci\u00f3n son cada vez m\u00e1s concretas. Los caminos de los supervivientes hacia la recuperaci\u00f3n son m\u00e1s firmes. El LTRG del CCM mantiene su compromiso de aprovechar las lecciones de la recuperaci\u00f3n para tejer una red de servicios ante cat\u00e1strofes equitativa, inclusiva y receptiva mediante la colaboraci\u00f3n, la convocatoria y la defensa.<\/span><\/p><p>Si t\u00fa o alguien que conoces perdisteis una casa en los incendios de Almeda 2020 o de Obenchain Sur, por favor, busca apoyo y recursos disponibles <a href=\"https:\/\/jccltrg.org\/es\/apoyo-esta-disponible\/\">aqu\u00ed<\/a>.<\/p>\t\t\t\t\t\t\t\t<\/div>\n\t\t\t\t<\/div>\n\t\t\t\t\t<\/div>\n\t\t<\/div>\n\t\t\t\t\t<\/div>\n\t\t<\/section>\n\t\t\t\t<\/div>\n\t\t","protected":false},"excerpt":{"rendered":"<p>La Carrera Por Caryn Wheeler Clay, Directora Ejecutiva Con los Juegos Ol\u00edmpicos a punto de comenzar esta semana, no he podido evitar pensar en la carrera que nuestra comunidad lleva corriendo desde el 8 de septiembre de 2020. En los momentos posteriores al inicio de los incendios de Almeda 2020 y Obenchain Sur, los l\u00edderes [&hellip;]<\/p>\n","protected":false},"author":2,"featured_media":0,"comment_status":"closed","ping_status":"closed","sticky":false,"template":"elementor_header_footer","format":"standard","meta":{"_eb_attr":"","footnotes":""},"categories":[100],"tags":[],"class_list":["post-7032","post","type-post","status-publish","format-standard","hentry","category-del-director-ejecutivo"],"rttpg_featured_image_url":null,"rttpg_author":{"display_name":"Caryn Wheeler Clay","author_link":"https:\/\/jccltrg.org\/es\/author\/jccltrg-admin\/"},"rttpg_comment":0,"rttpg_category":"<a href=\"https:\/\/jccltrg.org\/es\/category\/blog-es\/del-director-ejecutivo\/\" rel=\"category tag\">Del Director Ejecutivo<\/a>","rttpg_excerpt":"La Carrera Por Caryn Wheeler Clay, Directora Ejecutiva Con los Juegos Ol\u00edmpicos a punto de comenzar esta semana, no he podido evitar pensar en la carrera que nuestra comunidad lleva corriendo desde el 8 de septiembre de 2020. En los momentos posteriores al inicio de los incendios de Almeda 2020 y Obenchain Sur, los l\u00edderes&hellip;","_links":{"self":[{"href":"https:\/\/jccltrg.org\/es\/wp-json\/wp\/v2\/posts\/7032"}],"collection":[{"href":"https:\/\/jccltrg.org\/es\/wp-json\/wp\/v2\/posts"}],"about":[{"href":"https:\/\/jccltrg.org\/es\/wp-json\/wp\/v2\/types\/post"}],"author":[{"embeddable":true,"href":"https:\/\/jccltrg.org\/es\/wp-json\/wp\/v2\/users\/2"}],"replies":[{"embeddable":true,"href":"https:\/\/jccltrg.org\/es\/wp-json\/wp\/v2\/comments?post=7032"}],"version-history":[{"count":12,"href":"https:\/\/jccltrg.org\/es\/wp-json\/wp\/v2\/posts\/7032\/revisions"}],"predecessor-version":[{"id":8809,"href":"https:\/\/jccltrg.org\/es\/wp-json\/wp\/v2\/posts\/7032\/revisions\/8809"}],"wp:attachment":[{"href":"https:\/\/jccltrg.org\/es\/wp-json\/wp\/v2\/media?parent=7032"}],"wp:term":[{"taxonomy":"category","embeddable":true,"href":"https:\/\/jccltrg.org\/es\/wp-json\/wp\/v2\/categories?post=7032"},{"taxonomy":"post_tag","embeddable":true,"href":"https:\/\/jccltrg.org\/es\/wp-json\/wp\/v2\/tags?post=7032"}],"curies":[{"name":"wp","href":"https:\/\/api.w.org\/{rel}","templated":true}]}}